{"id":735,"date":"2024-02-05T10:42:08","date_gmt":"2024-02-05T13:42:08","guid":{"rendered":"https:\/\/www.adimb.org.br\/brasilpdac\/?p=735"},"modified":"2024-02-05T10:42:08","modified_gmt":"2024-02-05T13:42:08","slug":"pdac-2024-brasil-quer-atrair-investimentos-internacionais-para-projetos-de-mineracao-voltados-para-a-transicao-energetica","status":"publish","type":"post","link":"https:\/\/www.adimb.org.br\/brasilpdac\/2024\/02\/05\/pdac-2024-brasil-quer-atrair-investimentos-internacionais-para-projetos-de-mineracao-voltados-para-a-transicao-energetica\/","title":{"rendered":"PDAC 2024: Brasil quer atrair investimentos internacionais para projetos de minera\u00e7\u00e3o voltados para a transi\u00e7\u00e3o energ\u00e9tica"},"content":{"rendered":"\n<p>Durante <em>a Conven\u00e7\u00e3o Anual da Prospectors and Developers Association of Canad\u00e1<\/em> (PDAC), a ser realizada entre 03 e 6 de mar\u00e7o, em Toronto (Canad\u00e1), o Brasil ir\u00e1 se posicionar como um dos principais destinos para investimentos em pesquisa mineral e minera\u00e7\u00e3o no mundo.<\/p>\n\n\n\n<p>A delega\u00e7\u00e3o brasileira, composta por autoridades governamentais e profissionais da ind\u00fastria mineral brasileira, est\u00e1 articulada a mostrar para empresas internacionais e investidores, que o Brasil tem seguran\u00e7a e estabilidade jur\u00eddica, pol\u00edticas de licenciamento ambiental que se sustentam nas melhores pr\u00e1ticas de ESG. Al\u00e9m disso, a delega\u00e7\u00e3o brasileira tamb\u00e9m estar\u00e1 engajada na busca de parcerias estrat\u00e9gicas com outros pa\u00edses para desenvolver a ind\u00fastria mineral brasileira.<\/p>\n\n\n\n<figure class=\"wp-block-image size-full is-style-default\"><img data-recalc-dims=\"1\" fetchpriority=\"high\" decoding=\"async\" width=\"567\" height=\"403\" src=\"https:\/\/i0.wp.com\/www.adimb.org.br\/brasilpdac\/wp-content\/uploads\/2024\/02\/Imagem1-PDAC.png?resize=567%2C403&#038;ssl=1\" alt=\"\" class=\"wp-image-736\" srcset=\"https:\/\/i0.wp.com\/www.adimb.org.br\/brasilpdac\/wp-content\/uploads\/2024\/02\/Imagem1-PDAC.png?w=567&amp;ssl=1 567w, https:\/\/i0.wp.com\/www.adimb.org.br\/brasilpdac\/wp-content\/uploads\/2024\/02\/Imagem1-PDAC.png?resize=300%2C213&amp;ssl=1 300w\" sizes=\"(max-width: 567px) 100vw, 567px\" \/><\/figure>\n\n\n\n<p>A Ag\u00eancia para o Desenvolvimento e Inova\u00e7\u00e3o do Setor Mineral Brasileiro (ADIMB), que coordena a tradicional participa\u00e7\u00e3o brasileira no PDAC, divulgou a programa\u00e7\u00e3o da miss\u00e3o brasileira durante o evento, que re\u00fane mais de 20 mil profissionais, de 130 pa\u00edses. A programa\u00e7\u00e3o servir\u00e1 de plataforma para se debater as perspectivas globais da minera\u00e7\u00e3o, al\u00e9m de ser ve\u00edculo para a capta\u00e7\u00e3o de investimentos, articular parcerias e facilitar oportunidades de neg\u00f3cios para setor mineral brasileiro.<\/p>\n\n\n\n<p>O pa\u00eds estar\u00e1 presente no PDAC 2024 com uma delega\u00e7\u00e3o robusta e representativa do setor mineral, a qual inclui o ministro de Minas e Energia, Alexandre Silveira, que j\u00e1 confirmou presen\u00e7a, acompanhado do secret\u00e1rio Nacional de Geologia, Minera\u00e7\u00e3o e Transforma\u00e7\u00e3o Mineral, Vitor Saback, o diretor-geral da Ag\u00eancia Nacional de Minera\u00e7\u00e3o, Mauro Sousa e o presidente do Servi\u00e7o Geol\u00f3gico Nacional, In\u00e1cio Melo, al\u00e9m de um n\u00famero expressivo de executivos da ind\u00fastria mineral.<\/p>\n\n\n\n<p>Roberto Xavier, diretor executivo da ADIMB, afirma que a programa\u00e7\u00e3o da miss\u00e3o brasileira foi constru\u00edda em parceria com o <em>Brazil \u2013 Canada Chamber of Commerce<\/em> (BCCC) de Toronto, tendo o apoio de diversos parceiros institucionais como SGB,MME, ANM, APEX, ABPM, IBRAM e ABIMAQ. A programa\u00e7\u00e3o busca apresentar o potencial da minera\u00e7\u00e3o brasileira em um amplo espectro de <em>commodities<\/em> minerais, em particular projetos promissores para minerais estrat\u00e9gicos, vitais para a transi\u00e7\u00e3o energ\u00e9tica, assim como as pol\u00edticas p\u00fablicas para colocar o pa\u00eds como agente importante neste cen\u00e1rio mundial. <s><\/s><\/p>\n\n\n\n<p><strong>\u201cNosso objetivo \u00e9 fomentar o Brasil como um dos principais destinos para investimentos em pesquisa mineral e minera\u00e7\u00e3o. Mostrar para empresas internacionais e investidores que o arcabou\u00e7o jur\u00eddico brasileiro \u00e9 atualizado e robusto, e que o regime de licenciamento para empreendimentos que envolvam a pesquisa e extra\u00e7\u00e3o de bens minerais possui forte \u00eanfase nas melhores pr\u00e1ticas ESG\u201d<\/strong>, explica Xavier.\u00a0<\/p>\n\n\n\n<p>A programa\u00e7\u00e3o come\u00e7a dia 2 de mar\u00e7o, com um coquetel de boas-vindas e <em>networking<\/em> inicial, organizado pela ADIMB em parceria com BCCC, com apoio do Consulado Geral do Brasil em Toronto. &nbsp;Na manh\u00e3 do dia 3 de marco, haver\u00e1 o <em>Brazil \u2013 Canada Mining Brunch<\/em> no <em>Toronto Stock Exchange &amp; TSX Venture Exchange<\/em>, organizado pela BCCC.<\/p>\n\n\n\n<p>Este encontro ter\u00e1 o formato de pain\u00e9is de discuss\u00e3o e contar\u00e1 com a presen\u00e7a de representantes de empresas internacionais do setor mineral e autoridades do governo canadense e brasileiro, havendo a expectativa da participa\u00e7\u00e3o de aproximadamente 40 pessoas da delega\u00e7\u00e3o brasileira. Neste encontro o Brasil ter\u00e1 painel para que representantes governamentais possam apresentar a evolu\u00e7\u00e3o do setor mineral brasileiro e perspectivas de futuro.<\/p>\n\n\n\n<p><strong>Brasil Pavilion ser\u00e1 o ponto de encontro da minera\u00e7\u00e3o brasileiro no PDAC<\/strong><\/p>\n\n\n\n<p>Ainda no dia 3 de mar\u00e7o, na parte da tarde, ser\u00e1 a inaugura\u00e7\u00e3o do Brasil Pavilion, no <em>Metro Toronto Convention Centre &#8211; Trade Show South<\/em>, estande 1303. O espa\u00e7o brasileiro no PDAC refor\u00e7a a presen\u00e7a do pa\u00eds no evento.&nbsp; O estande de 90 m<sup>2 <\/sup>contar\u00e1 com infraestrutura de apoio para contatos comerciais e realiza\u00e7\u00e3o de neg\u00f3cios, incluindo salas de reuni\u00f5es e materiais informativos de empresas e \u00f3rg\u00e3os governamentais.<\/p>\n\n\n\n<p><strong>Brazilian Mining Day<\/strong><\/p>\n\n\n\n<p>No dia 4 de mar\u00e7o, tamb\u00e9m no <em>Toronto Stock Exchange &amp; TSX Venture Exchange<\/em>, haver\u00e1 o <em>Brazilian Mining Day<\/em>, evento organizado pela ADIMB e que tem como objetivo a apresenta\u00e7\u00e3o do cen\u00e1rio econ\u00f4mico e oportunidades de neg\u00f3cios em minera\u00e7\u00e3o no Brasil, com cases de grandes empresas mineradoras e&nbsp;<em>juniors companies<\/em>.<\/p>\n\n\n\n<p>O <em>Brazilian Mining Day<\/em> deste ano vai trazer pain\u00e9is e palestras em eixos tem\u00e1ticos voltados para o cen\u00e1rio atual do setor mineral brasileiro, projetos de pesquisa de <em>commodities <\/em>minerais importantes para o desenvolvimento de tecnologias de energia de baixo carbono, governan\u00e7a regulat\u00f3ria e seguran\u00e7a jur\u00eddica. Al\u00e9m disso, haver\u00e1 um painel sobre investimentos de fundos de capital para minerais estrat\u00e9gicos no Brasil, com representantes da Bolsa Canadense, da B3, BNDES, Genial Investimentos e Invest Minas. &nbsp;<\/p>\n\n\n\n<p>No dia 5 de mar\u00e7o haver\u00e1 o <em>Brazil-Canada Capital Mining Leadership Luncheon<\/em>, evento promovido pela BCCC com pain\u00e9is sobre mercado de capitais e financiamento de projetos em minera\u00e7\u00e3o, ESG e minerais cr\u00edticos.<\/p>\n\n\n\n<p><strong>Confira a programa\u00e7\u00e3o:<\/strong><\/p>\n\n\n\n<p><a href=\"https:\/\/www.adimb.org.br\/brasilpdac\/wp-content\/uploads\/2024\/01\/BRASIL-PDAC-2024-%E2%80%93-PRE-AGENDA-PRE.pdf\">https:\/\/www.adimb.org.br\/brasilpdac\/wp-content\/uploads\/2024\/01\/BRASIL-PDAC-2024-%E2%80%93-PRE-AGENDA-PRE.pdf<\/a><\/p>\n","protected":false},"excerpt":{"rendered":"<p>Durante a Conven\u00e7\u00e3o Anual da Prospectors and Developers Association of Canad\u00e1 (PDAC), a ser realizada entre 03 e 6 de mar\u00e7o, em Toronto (Canad\u00e1), o Brasil ir\u00e1 se posicionar como um dos principais destinos para investimentos em pesquisa mineral e minera\u00e7\u00e3o no mundo. A delega\u00e7\u00e3o brasileira, composta por autoridades governamentais e profissionais da ind\u00fastria mineral [&hellip;]<\/p>\n","protected":false},"author":1,"featured_media":736,"comment_status":"open","ping_status":"open","sticky":false,"template":"","format":"standard","meta":{"_jetpack_memberships_contains_paid_content":false,"footnotes":""},"categories":[1],"tags":[],"class_list":["post-735","post","type-post","status-publish","format-standard","has-post-thumbnail","hentry","category-sem-categoria"],"jetpack_featured_media_url":"https:\/\/i0.wp.com\/www.adimb.org.br\/brasilpdac\/wp-content\/uploads\/2024\/02\/Imagem1-PDAC.png?fit=567%2C403&ssl=1","jetpack_sharing_enabled":true,"_links":{"self":[{"href":"https:\/\/www.adimb.org.br\/brasilpdac\/wp-json\/wp\/v2\/posts\/735","targetHints":{"allow":["GET"]}}],"collection":[{"href":"https:\/\/www.adimb.org.br\/brasilpdac\/wp-json\/wp\/v2\/posts"}],"about":[{"href":"https:\/\/www.adimb.org.br\/brasilpdac\/wp-json\/wp\/v2\/types\/post"}],"author":[{"embeddable":true,"href":"https:\/\/www.adimb.org.br\/brasilpdac\/wp-json\/wp\/v2\/users\/1"}],"replies":[{"embeddable":true,"href":"https:\/\/www.adimb.org.br\/brasilpdac\/wp-json\/wp\/v2\/comments?post=735"}],"version-history":[{"count":1,"href":"https:\/\/www.adimb.org.br\/brasilpdac\/wp-json\/wp\/v2\/posts\/735\/revisions"}],"predecessor-version":[{"id":737,"href":"https:\/\/www.adimb.org.br\/brasilpdac\/wp-json\/wp\/v2\/posts\/735\/revisions\/737"}],"wp:featuredmedia":[{"embeddable":true,"href":"https:\/\/www.adimb.org.br\/brasilpdac\/wp-json\/wp\/v2\/media\/736"}],"wp:attachment":[{"href":"https:\/\/www.adimb.org.br\/brasilpdac\/wp-json\/wp\/v2\/media?parent=735"}],"wp:term":[{"taxonomy":"category","embeddable":true,"href":"https:\/\/www.adimb.org.br\/brasilpdac\/wp-json\/wp\/v2\/categories?post=735"},{"taxonomy":"post_tag","embeddable":true,"href":"https:\/\/www.adimb.org.br\/brasilpdac\/wp-json\/wp\/v2\/tags?post=735"}],"curies":[{"name":"wp","href":"https:\/\/api.w.org\/{rel}","templated":true}]}}