{"id":707,"date":"2024-01-23T14:22:17","date_gmt":"2024-01-23T17:22:17","guid":{"rendered":"https:\/\/www.adimb.org.br\/brasilpdac\/?p=707"},"modified":"2024-01-23T14:35:04","modified_gmt":"2024-01-23T17:35:04","slug":"nao-perca-o-prazo-para-aderir-a-delegacao-brasileira-no-pdac-2024-e-divulgar-a-sua-empresa","status":"publish","type":"post","link":"https:\/\/www.adimb.org.br\/brasilpdac\/2024\/01\/23\/nao-perca-o-prazo-para-aderir-a-delegacao-brasileira-no-pdac-2024-e-divulgar-a-sua-empresa\/","title":{"rendered":"N\u00e3o perca o prazo! Venha aderir \u00e0 delega\u00e7\u00e3o brasileira no PDAC 2024 e divulgar a sua empresa"},"content":{"rendered":"\n<p>A Ag\u00eancia para o Desenvolvimento e Inova\u00e7\u00e3o do Setor Mineral Brasileiro (ADIMB), informa que na quinta-feira (25\/1), encerra o prazo para as empresas que ir\u00e3o participar da delega\u00e7\u00e3o brasileira terem a sua logomarca divulgada no tradicional estande do Brasil no evento \u2013 BRASIL PAVILION.<br><br>Ap\u00f3s o dia 25 de janeiro, a ADIMB continuar\u00e1 recebendo ades\u00f5es \u00e0 delega\u00e7\u00e3o brasileira, contudo, sem exposi\u00e7\u00e3o da logomarca nas paredes do estande, tendo em vista que o prazo para envio do material a organiza\u00e7\u00e3o do PDAC se encerra na referida data.<br><br>Se deseja dar visibilidade para sua empresa no PDAC 2024, voc\u00ea n\u00e3o pode perder esse benef\u00edcio de expor sua marca no Pavilh\u00e3o Brasil.<\/p>\n\n\n\n<p><strong>Para mais informa\u00e7\u00f5es acesse: https:\/\/www.adimb.org.br\/brasilpdac<\/strong><\/p>\n","protected":false},"excerpt":{"rendered":"<p>A Ag\u00eancia para o Desenvolvimento e Inova\u00e7\u00e3o do Setor Mineral Brasileiro (ADIMB), informa que na quinta-feira (25\/1), encerra o prazo para as empresas que ir\u00e3o participar da delega\u00e7\u00e3o brasileira terem a sua logomarca divulgada no tradicional estande do Brasil no evento \u2013 BRASIL PAVILION. Ap\u00f3s o dia 25 de janeiro, a ADIMB continuar\u00e1 recebendo ades\u00f5es [&hellip;]<\/p>\n","protected":false},"author":1,"featured_media":708,"comment_status":"open","ping_status":"open","sticky":false,"template":"","format":"standard","meta":{"_jetpack_memberships_contains_paid_content":false,"footnotes":""},"categories":[1],"tags":[],"class_list":["post-707","post","type-post","status-publish","format-standard","has-post-thumbnail","hentry","category-sem-categoria"],"jetpack_featured_media_url":"https:\/\/i0.wp.com\/www.adimb.org.br\/brasilpdac\/wp-content\/uploads\/2024\/01\/Post-instagram-vermelho-e-preto-black-friday-alerta-de-tempo.png?fit=1080%2C1080&ssl=1","jetpack_sharing_enabled":true,"_links":{"self":[{"href":"https:\/\/www.adimb.org.br\/brasilpdac\/wp-json\/wp\/v2\/posts\/707","targetHints":{"allow":["GET"]}}],"collection":[{"href":"https:\/\/www.adimb.org.br\/brasilpdac\/wp-json\/wp\/v2\/posts"}],"about":[{"href":"https:\/\/www.adimb.org.br\/brasilpdac\/wp-json\/wp\/v2\/types\/post"}],"author":[{"embeddable":true,"href":"https:\/\/www.adimb.org.br\/brasilpdac\/wp-json\/wp\/v2\/users\/1"}],"replies":[{"embeddable":true,"href":"https:\/\/www.adimb.org.br\/brasilpdac\/wp-json\/wp\/v2\/comments?post=707"}],"version-history":[{"count":2,"href":"https:\/\/www.adimb.org.br\/brasilpdac\/wp-json\/wp\/v2\/posts\/707\/revisions"}],"predecessor-version":[{"id":710,"href":"https:\/\/www.adimb.org.br\/brasilpdac\/wp-json\/wp\/v2\/posts\/707\/revisions\/710"}],"wp:featuredmedia":[{"embeddable":true,"href":"https:\/\/www.adimb.org.br\/brasilpdac\/wp-json\/wp\/v2\/media\/708"}],"wp:attachment":[{"href":"https:\/\/www.adimb.org.br\/brasilpdac\/wp-json\/wp\/v2\/media?parent=707"}],"wp:term":[{"taxonomy":"category","embeddable":true,"href":"https:\/\/www.adimb.org.br\/brasilpdac\/wp-json\/wp\/v2\/categories?post=707"},{"taxonomy":"post_tag","embeddable":true,"href":"https:\/\/www.adimb.org.br\/brasilpdac\/wp-json\/wp\/v2\/tags?post=707"}],"curies":[{"name":"wp","href":"https:\/\/api.w.org\/{rel}","templated":true}]}}