{"id":196,"date":"2023-10-02T22:19:19","date_gmt":"2023-10-03T01:19:19","guid":{"rendered":"http:\/\/www.adimb.org.br\/brasilpdac\/?p=196"},"modified":"2023-10-02T22:32:55","modified_gmt":"2023-10-03T01:32:55","slug":"brasil-esta-a-um-passo-de-entrar-no-mapa-mundial-de-producao-de-litio","status":"publish","type":"post","link":"https:\/\/www.adimb.org.br\/brasilpdac\/2023\/10\/02\/brasil-esta-a-um-passo-de-entrar-no-mapa-mundial-de-producao-de-litio\/","title":{"rendered":"Brasil Est\u00e1 A Um Passo De Entrar No Mapa Mundial De Produ\u00e7\u00e3o De L\u00edtio"},"content":{"rendered":"\n<p>&#8220;\u00c9 um feito imenso para um pa\u00eds que n\u00e3o existia na cadeia de suprimentos at\u00e9 a gente chegar,\u201d afirmou Ana Cabral-Gardner, CEO da Sigma Lithium.<\/p>\n\n\n\n<p><br>Gardner, que abriu o evento Brazilian Mining Day nesta segunda-feira (6\/03), dentro da confer\u00eancia mundial de minera\u00e7\u00e3o PDAC 2023, destacou que a Sigma est\u00e1 colocando no mercado um produto de caracter\u00edstica \u00fanica, que combina efici\u00eancia e minera\u00e7\u00e3o sustent\u00e1vel.<\/p>\n\n\n\n<p><br>O lithium que vai ser produzido pela Sigma a partir de abril deste ano ganhou a classifica\u00e7\u00e3o de pr\u00e9-qu\u00edmico pelo fato de ser pr\u00e9-purificado e granulado.<\/p>\n\n\n\n<p><br>\u201cEm fun\u00e7\u00e3o de um processo de purifica\u00e7\u00e3o, separa\u00e7\u00e3o e concentra\u00e7\u00e3o diferenciado, e \u00fanico no mundo, conseguimos entregar um produto que viabiliza um custo de refino mais barato para nossos clientes, da ordem de 30%,\u201d explicou Gardner.<\/p>\n\n\n\n<p><br>Pelo fato de ser granulado, o l\u00edtio brasileiro difere do l\u00edtio produzido de outros dep\u00f3sitos rochosos como na Austr\u00e1lia, onde o produto \u00e9 entregue \u201ctalquificado\u201d.<\/p>\n\n\n\n<p><br>&#8220;Oferecemos um pr\u00eamio de qualidade que vai para a base de custo do cliente,\u201d resaltou.<\/p>\n\n\n\n<p><br>Gardner contou que a Sigma vai fornecer para um mercado que hoje \u00e9 concentrado em cinco fabricantes mundiais de baterias (giga factories), localizados na China, Coreia e Jap\u00e3o.<\/p>\n\n\n\n<p><br>\u201cEsse ganho de margem no refino final facilitou a nossa entrada nesse mercado. A gente viabilizou uma gama de refinadores porque o produto \u00e9 entregue j\u00e1 na especifica\u00e7\u00e3o de pureza\u201d<\/p>\n\n\n\n<p><br>Em fase de comissionamento, a planta da Sigma come\u00e7a com uma produ\u00e7\u00e3o anualizada que vai atingir 270 mil ton\/ano em agosto, e que ser\u00e1 ampliada para 760 mil ton\/ano com a entrada de mais duas linhas de produ\u00e7\u00e3o em 2024.<\/p>\n\n\n\n<p><br>Em sua apresenta\u00e7\u00e3o, Gardner mostrou que os volumes de produ\u00e7\u00e3o v\u00e3o colocar a Sigma na quarta posi\u00e7\u00e3o em um ranking de fornecedores mundiais de l\u00edtio.<\/p>\n\n\n\n<p><br>A produ\u00e7\u00e3o de l\u00edtio no Brasil hoje \u00e9 da ordem de 13 mil ton\/ano, e \u00e9 basicamente destinada ao<br>mercado dom\u00e9stico.<\/p>\n\n\n\n<p><br>Al\u00e9m do diferencial de efici\u00eancia, Gardner destacou que a opera\u00e7\u00e3o da Sigma, localizada no Vale do Jequitinhonha em Minas Gerais, se distingue pelas suas caracter\u00edsticas de sustentabilidade ambiental e social.<\/p>\n\n\n\n<p><br>\u00danica no mundo a produzir l\u00edtio em uma opera\u00e7\u00e3o sem represamento de tailing, a Sigma tamb\u00e9m se orgulha pelo desenvolvimento econ\u00f4mico proporcionado \u00e0 regi\u00e3o mineira.<\/p>\n\n\n\n<p><br>\u201cEstamos colocando uma planta onde n\u00e3o havia nenhuma atividade econ\u00f4mica e abrindo uma estrada para criar o vale do l\u00edtio naquela regi\u00e3o,\u201d contou, j\u00e1 vislumbrando a perspectiva de que outras mineradoras que iniciam a explora\u00e7\u00e3o de l\u00edtio em outros dep\u00f3sitos da regi\u00e3o possam se beneficiar da infraestrutura da Sigma para processar sua produ\u00e7\u00e3o.<\/p>\n\n\n\n<p><br>&#8220;J\u00e1 existem pelo menos oito empresas globais listadas no Canad\u00e1 e na Austr\u00e1lia que est\u00e3o investindo em l\u00edtio na regi\u00e3o&#8221;, comemorou, acrescentando que o modelo da Sigma poder\u00e1 ajudar outras opera\u00e7\u00f5es com metais cr\u00edticos no Brasil a al\u00e7ar o mercado mundial de baterias.<\/p>\n","protected":false},"excerpt":{"rendered":"<p>O Brasil est\u00e1 a um passo de entrar no seleto grupo de fornecedores de l\u00edtio para fabrica\u00e7\u00e3o de baterias em escala global.<\/p>\n","protected":false},"author":1,"featured_media":197,"comment_status":"open","ping_status":"open","sticky":false,"template":"","format":"standard","meta":{"_jetpack_memberships_contains_paid_content":false,"footnotes":""},"categories":[1],"tags":[],"class_list":["post-196","post","type-post","status-publish","format-standard","has-post-thumbnail","hentry","category-sem-categoria"],"jetpack_featured_media_url":"https:\/\/i0.wp.com\/www.adimb.org.br\/brasilpdac\/wp-content\/uploads\/2023\/10\/IMG_8773-scaled-1.webp?fit=2048%2C1536&ssl=1","jetpack_sharing_enabled":true,"_links":{"self":[{"href":"https:\/\/www.adimb.org.br\/brasilpdac\/wp-json\/wp\/v2\/posts\/196","targetHints":{"allow":["GET"]}}],"collection":[{"href":"https:\/\/www.adimb.org.br\/brasilpdac\/wp-json\/wp\/v2\/posts"}],"about":[{"href":"https:\/\/www.adimb.org.br\/brasilpdac\/wp-json\/wp\/v2\/types\/post"}],"author":[{"embeddable":true,"href":"https:\/\/www.adimb.org.br\/brasilpdac\/wp-json\/wp\/v2\/users\/1"}],"replies":[{"embeddable":true,"href":"https:\/\/www.adimb.org.br\/brasilpdac\/wp-json\/wp\/v2\/comments?post=196"}],"version-history":[{"count":4,"href":"https:\/\/www.adimb.org.br\/brasilpdac\/wp-json\/wp\/v2\/posts\/196\/revisions"}],"predecessor-version":[{"id":217,"href":"https:\/\/www.adimb.org.br\/brasilpdac\/wp-json\/wp\/v2\/posts\/196\/revisions\/217"}],"wp:featuredmedia":[{"embeddable":true,"href":"https:\/\/www.adimb.org.br\/brasilpdac\/wp-json\/wp\/v2\/media\/197"}],"wp:attachment":[{"href":"https:\/\/www.adimb.org.br\/brasilpdac\/wp-json\/wp\/v2\/media?parent=196"}],"wp:term":[{"taxonomy":"category","embeddable":true,"href":"https:\/\/www.adimb.org.br\/brasilpdac\/wp-json\/wp\/v2\/categories?post=196"},{"taxonomy":"post_tag","embeddable":true,"href":"https:\/\/www.adimb.org.br\/brasilpdac\/wp-json\/wp\/v2\/tags?post=196"}],"curies":[{"name":"wp","href":"https:\/\/api.w.org\/{rel}","templated":true}]}}