{"id":190,"date":"2023-10-02T22:17:33","date_gmt":"2023-10-03T01:17:33","guid":{"rendered":"http:\/\/www.adimb.org.br\/brasilpdac\/?p=190"},"modified":"2023-10-02T22:17:33","modified_gmt":"2023-10-03T01:17:33","slug":"brasil-tera-comitiva-com-quase-80-profissionais-no-pdac","status":"publish","type":"post","link":"https:\/\/www.adimb.org.br\/brasilpdac\/2023\/10\/02\/brasil-tera-comitiva-com-quase-80-profissionais-no-pdac\/","title":{"rendered":"Brasil Ter\u00e1 Comitiva Com Quase 80 Profissionais No PDAC"},"content":{"rendered":"\n<p>Delega\u00e7\u00e3o consiste de empresas privadas, \u00f3rg\u00e3os governamentais e entidades representativas do setor mineral, sob a coordena\u00e7\u00e3o da ADIMB.<\/p>\n\n\n\n<figure class=\"wp-block-image\"><img data-recalc-dims=\"1\" decoding=\"async\" src=\"https:\/\/i0.wp.com\/www.adimb.org.br\/brasilpdac\/wp-content\/uploads\/2023\/02\/image-1.png?w=800&#038;ssl=1\" alt=\"\" class=\"wp-image-1073\"\/><\/figure>\n\n\n\n<p>Saiba mais no site da Brasil Mineral:&nbsp;<a href=\"https:\/\/www.brasilmineral.com.br\/noticias\/brasil-tera-comitiva-com-quase-80-profissionais-no-pdac\">https:\/\/www.brasilmineral.com.br\/noticias\/brasil-tera-comitiva-com-quase-80-profissionais-no-pdac<\/a><\/p>\n","protected":false},"excerpt":{"rendered":"<p>Delega\u00e7\u00e3o consiste de empresas privadas, \u00f3rg\u00e3os governamentais e entidades representativas do setor mineral, sob a coordena\u00e7\u00e3o da ADIMB. Saiba mais no site da Brasil Mineral:&nbsp;https:\/\/www.brasilmineral.com.br\/noticias\/brasil-tera-comitiva-com-quase-80-profissionais-no-pdac<\/p>\n","protected":false},"author":1,"featured_media":191,"comment_status":"open","ping_status":"open","sticky":false,"template":"","format":"standard","meta":{"_jetpack_memberships_contains_paid_content":false,"footnotes":""},"categories":[1],"tags":[],"class_list":["post-190","post","type-post","status-publish","format-standard","has-post-thumbnail","hentry","category-sem-categoria"],"jetpack_featured_media_url":"https:\/\/i0.wp.com\/www.adimb.org.br\/brasilpdac\/wp-content\/uploads\/2023\/10\/pdac_2023.png-1.webp?fit=649%2C506&ssl=1","jetpack_sharing_enabled":true,"_links":{"self":[{"href":"https:\/\/www.adimb.org.br\/brasilpdac\/wp-json\/wp\/v2\/posts\/190","targetHints":{"allow":["GET"]}}],"collection":[{"href":"https:\/\/www.adimb.org.br\/brasilpdac\/wp-json\/wp\/v2\/posts"}],"about":[{"href":"https:\/\/www.adimb.org.br\/brasilpdac\/wp-json\/wp\/v2\/types\/post"}],"author":[{"embeddable":true,"href":"https:\/\/www.adimb.org.br\/brasilpdac\/wp-json\/wp\/v2\/users\/1"}],"replies":[{"embeddable":true,"href":"https:\/\/www.adimb.org.br\/brasilpdac\/wp-json\/wp\/v2\/comments?post=190"}],"version-history":[{"count":1,"href":"https:\/\/www.adimb.org.br\/brasilpdac\/wp-json\/wp\/v2\/posts\/190\/revisions"}],"predecessor-version":[{"id":192,"href":"https:\/\/www.adimb.org.br\/brasilpdac\/wp-json\/wp\/v2\/posts\/190\/revisions\/192"}],"wp:featuredmedia":[{"embeddable":true,"href":"https:\/\/www.adimb.org.br\/brasilpdac\/wp-json\/wp\/v2\/media\/191"}],"wp:attachment":[{"href":"https:\/\/www.adimb.org.br\/brasilpdac\/wp-json\/wp\/v2\/media?parent=190"}],"wp:term":[{"taxonomy":"category","embeddable":true,"href":"https:\/\/www.adimb.org.br\/brasilpdac\/wp-json\/wp\/v2\/categories?post=190"},{"taxonomy":"post_tag","embeddable":true,"href":"https:\/\/www.adimb.org.br\/brasilpdac\/wp-json\/wp\/v2\/tags?post=190"}],"curies":[{"name":"wp","href":"https:\/\/api.w.org\/{rel}","templated":true}]}}