{"id":183,"date":"2023-10-02T22:13:42","date_gmt":"2023-10-03T01:13:42","guid":{"rendered":"http:\/\/www.adimb.org.br\/brasilpdac\/?p=183"},"modified":"2023-10-02T22:13:42","modified_gmt":"2023-10-03T01:13:42","slug":"adimb-inaugura-pavilhao-brasileiro-na-mais-importante-feira-de-mineracao-do-mundo","status":"publish","type":"post","link":"https:\/\/www.adimb.org.br\/brasilpdac\/2023\/10\/02\/adimb-inaugura-pavilhao-brasileiro-na-mais-importante-feira-de-mineracao-do-mundo\/","title":{"rendered":"ADIMB Inaugura Pavilh\u00e3o Brasileiro Na Mais Importante Feira De Minera\u00e7\u00e3o Do Mundo"},"content":{"rendered":"\n<p><strong>Toronto, 5 de Fevereiro de 2023<\/strong>&nbsp;&#8211; O presidente do Conselho Superior da ADIMB, Marcos Andr\u00e9 Gomes Veiga Gon\u00e7alves, inaugurou neste domingo (5\/03) o Pavilh\u00e3o Brasil no PDAC 2023, o maior evento mundial de minera\u00e7\u00e3o no Canad\u00e1, comemorando a participa\u00e7\u00e3o recorde de 88 delegados na edi\u00e7\u00e3o deste ano.<\/p>\n\n\n\n<p>\u201cO pavilh\u00e3o materializa a ideia de compromisso de empresas e dirigentes de governo que consistemente vem fazendo investimentos no patroc\u00ednio da delega\u00e7\u00e3o brasileira.\u201d<\/p>\n\n\n\n<p>Gon\u00e7alves destacou que o pavilh\u00e3o \u00e9 o espa\u00e7o onde as empresas podem expor sua marca, buscar um posicionamento comercial, e oferece uma \u00f3tima oportunidade para interagir com outras empresas que n\u00e3o t\u00eam presen\u00e7a f\u00edsica no Brasil.&nbsp;<\/p>\n\n\n\n<p>\u201cAqui empresas conseguem expor projetos e oportunizar investimentos, seja arranjando o investimento necess\u00e1rio para o avan\u00e7o de alguma etapa do projeto ou para a compra do projeto ou para a compra da empresa como um todo.\u201d<\/p>\n\n\n\n<p>A inaugura\u00e7\u00e3o do pavilh\u00e3o brasileiro contou com a participa\u00e7\u00e3o de autoridades dos governos do Brasil e do Canad\u00e1, junto com executivos e lideran\u00e7as empresariais do setor nos dois pa\u00edses.<\/p>\n\n\n\n<p>Presente \u00e0 cerim\u00f4nia, o ex-ministro e atual presidente do Instituto Brasileiro de Minera\u00e7\u00e3o (Ibram), Raul Jungmann, destacou que o pavilh\u00e3o \u00e9 um espa\u00e7o para trocar, aprender e conhecer, mas tamb\u00e9m para trazer as oportunidades que o Brasil tem hoje na minera\u00e7\u00e3o.<\/p>\n\n\n\n<p>\u201cQuando falamos de oportunidades no Brasil falamos de oportunidades de minera\u00e7\u00e3o sustent\u00e1vel e respons\u00e1vel com o benef\u00edcio que ela promove para parceiros e comunidades.\u201d<\/p>\n\n\n\n<p>Representando o governo do canadense, o embaixador do Canad\u00e1 no Brasil, Emmanuel Kamarianakis, disse que foi uma honra participar da abertura do pavilh\u00e3o ao lado de&nbsp; uma delega\u00e7\u00e3o t\u00e3o representativa do setor mineral brasileiro.<\/p>\n\n\n\n<p>&#8220;\u00c9 uma grande oportunidade para fortalecer ainda mais um relacionamento que j\u00e1 \u00e9 significativo para os dois pa\u00edses nesse setor.\u201d<\/p>\n\n\n\n<p>Kamarianakis destacou que est\u00e1 muito otimista com as perspectivas de&nbsp; avan\u00e7os bilaterais na minera\u00e7\u00e3o. \u201cO Canad\u00e1, assim como o Brasil, tem muita experi\u00eancia nesse setor com muitas empresas atuando nos dois pa\u00edses como Vale e Kinross, o que torna essa colabora\u00e7\u00e3o natural.&nbsp;<\/p>\n\n\n\n<p>Al\u00e9m disso, destacou o embaixador, \u201cestamos compartilhando n\u00e3o apenas conhecimento tecnol\u00f3gico, mas tamb\u00e9m regulat\u00f3rio, o que me deixa mais otimista em rela\u00e7\u00e3o ao crescimento do relacionamento dos dois pa\u00edses no setor.\u201d<\/p>\n\n\n\n<p>Representando o governo brasileiro, o presidente do Servi\u00e7o Geol\u00f3gico do Brasil (SGB\/CPRM), Paulo Romano, salientou a import\u00e2ncia do evento para que investidores saibam que h\u00e1 uma condi\u00e7\u00e3o institucional de compromisso do governo na \u00e1rea de minerais cr\u00edticos.<\/p>\n\n\n\n<p>\u201cO servi\u00e7o geol\u00f3gico j\u00e1 vem trabalhando com minerais cr\u00edticos h\u00e1 algum tempo, s\u00f3 que agora tem um foco maior. Houve um adensamento de recursos no or\u00e7amento para aprofundar o conhecimento que j\u00e1 temos desses minerais e o governo criou uma secretaria somente para tratar dos minerais indispens\u00e1veis para a transi\u00e7\u00e3o energetica,\u201d informou.<\/p>\n\n\n\n<p>Tamb\u00e9m estiveram presentes o Diretor-Geral da ANM, Mauro Sousa e a C\u00f4nsul Geral do Brasil em Toronto, Wanja N\u00f3brega.<\/p>\n\n\n\n<p>A participa\u00e7\u00e3o brasileira no PDAC \u00e9 organizada pela ADIMB, em um trabalho coordenado com o Instituto Brasileiro de Minera\u00e7\u00e3o (IBRAM) e com o apoio da C\u00e2mara de Comercio Brasil-Canada no Canad\u00e1 (BCCC). Tamb\u00e9m integra a delega\u00e7\u00e3o a Associa\u00e7\u00e3o Brasileira das Empresas de Pesquisa Mineral (ABPM).<\/p>\n\n\n\n<p>A delega\u00e7\u00e3o brasileira volta agora as aten\u00e7\u00f5es para o Brazilian Mining Day, considerado o ponto alto da participa\u00e7\u00e3o do Brasil no PDAC. O evento, programado para esta segunda-feira (6\/03), reunir\u00e1 mais de uma dezena de mineradoras nacionais e internacionais com opera\u00e7\u00f5es no Brasil e representantes das \u00e1reas de regula\u00e7\u00e3o e financiamento p\u00fablico voltados para o setor mineral.&nbsp;<\/p>\n\n\n\n<p>&#8220;O Brazilian Mining Day \u00e9 onde as empresas v\u00e3o apresentar os seus projetos em est\u00e1gio avan\u00e7ado de pesquisa mineral, viabilidade econ\u00f4mica, ou j\u00e1 entrando em produ\u00e7\u00e3o&#8221;, explicou o diretor executivo da ADIMB, Roberto Xavier.<\/p>\n\n\n\n<p>Al\u00e9m de uma radiografia do avan\u00e7o da produ\u00e7\u00e3o mineral no pa\u00eds, o evento traz como temas centrais a transi\u00e7\u00e3o energ\u00e9tica no setor e as perspectivas da ind\u00fastria na vis\u00e3o do governo.<\/p>\n\n\n\n<p>Xavier destacou que o Brazilian Mining Day ainda ganhou mais em interesse este ano em fun\u00e7\u00e3o da transi\u00e7\u00e3o governamental no pa\u00eds.<\/p>\n\n\n\n<p>&#8220;A participa\u00e7\u00e3o da ANM ser\u00e1 muito importante para dar seguran\u00e7a jur\u00eddica para potenciais investidores,&#8221; disse o executivo se referindo \u00e0 ag\u00eancia que regula o setor mineral no Brasil e que este ano vem a confer\u00eancia no Canad\u00e1 com um n\u00famero recorde de delegados.<\/p>\n","protected":false},"excerpt":{"rendered":"<p>Toronto, 5 de Fevereiro de 2023&nbsp;&#8211; O presidente do Conselho Superior da ADIMB, Marcos Andr\u00e9 Gomes Veiga Gon\u00e7alves, inaugurou neste domingo (5\/03) o Pavilh\u00e3o Brasil no PDAC 2023, o maior evento mundial de minera\u00e7\u00e3o no Canad\u00e1, comemorando a participa\u00e7\u00e3o recorde de 88 delegados na edi\u00e7\u00e3o deste ano. \u201cO pavilh\u00e3o materializa a ideia de compromisso de [&hellip;]<\/p>\n","protected":false},"author":1,"featured_media":184,"comment_status":"open","ping_status":"open","sticky":false,"template":"","format":"standard","meta":{"_jetpack_memberships_contains_paid_content":false,"footnotes":""},"categories":[1],"tags":[],"class_list":["post-183","post","type-post","status-publish","format-standard","has-post-thumbnail","hentry","category-sem-categoria"],"jetpack_featured_media_url":"https:\/\/i0.wp.com\/www.adimb.org.br\/brasilpdac\/wp-content\/uploads\/2023\/10\/3-e1678135796453.webp?fit=696%2C429&ssl=1","jetpack_sharing_enabled":true,"_links":{"self":[{"href":"https:\/\/www.adimb.org.br\/brasilpdac\/wp-json\/wp\/v2\/posts\/183","targetHints":{"allow":["GET"]}}],"collection":[{"href":"https:\/\/www.adimb.org.br\/brasilpdac\/wp-json\/wp\/v2\/posts"}],"about":[{"href":"https:\/\/www.adimb.org.br\/brasilpdac\/wp-json\/wp\/v2\/types\/post"}],"author":[{"embeddable":true,"href":"https:\/\/www.adimb.org.br\/brasilpdac\/wp-json\/wp\/v2\/users\/1"}],"replies":[{"embeddable":true,"href":"https:\/\/www.adimb.org.br\/brasilpdac\/wp-json\/wp\/v2\/comments?post=183"}],"version-history":[{"count":1,"href":"https:\/\/www.adimb.org.br\/brasilpdac\/wp-json\/wp\/v2\/posts\/183\/revisions"}],"predecessor-version":[{"id":185,"href":"https:\/\/www.adimb.org.br\/brasilpdac\/wp-json\/wp\/v2\/posts\/183\/revisions\/185"}],"wp:featuredmedia":[{"embeddable":true,"href":"https:\/\/www.adimb.org.br\/brasilpdac\/wp-json\/wp\/v2\/media\/184"}],"wp:attachment":[{"href":"https:\/\/www.adimb.org.br\/brasilpdac\/wp-json\/wp\/v2\/media?parent=183"}],"wp:term":[{"taxonomy":"category","embeddable":true,"href":"https:\/\/www.adimb.org.br\/brasilpdac\/wp-json\/wp\/v2\/categories?post=183"},{"taxonomy":"post_tag","embeddable":true,"href":"https:\/\/www.adimb.org.br\/brasilpdac\/wp-json\/wp\/v2\/tags?post=183"}],"curies":[{"name":"wp","href":"https:\/\/api.w.org\/{rel}","templated":true}]}}